{"id":829,"date":"2016-05-21T15:34:20","date_gmt":"2016-05-21T15:34:20","guid":{"rendered":"http:\/\/emur.org.uy\/wp\/?p=829"},"modified":"2016-05-21T15:34:44","modified_gmt":"2016-05-21T15:34:44","slug":"canal-10-entrevista","status":"publish","type":"post","link":"http:\/\/emur.org.uy\/wp\/canal-10-entrevista\/","title":{"rendered":"Canal 10 entrevista  25 de mayo a las 9:00 Dia de la EM"},"content":{"rendered":"<p>El Mi\u00e9rcoles 25 de mayo a las 9:00 de la ma\u00f1ana en Canal 10 estar\u00e1 el Dr Carlos Oehninger y Raquel Contreras( paciente con EM que es integrante de la comisi\u00f3n directiva) hablando sobre la EM en el marco del d\u00eda mundial<\/p>\n","protected":false},"excerpt":{"rendered":"<p>El Mi\u00e9rcoles 25 de mayo a las 9:00 de la ma\u00f1ana en Canal 10 estar\u00e1<\/p>\n","protected":false},"author":1,"featured_media":0,"comment_status":"closed","ping_status":"closed","sticky":false,"template":"","format":"standard","meta":{"_mi_skip_tracking":false},"categories":[8],"tags":[],"_links":{"self":[{"href":"http:\/\/emur.org.uy\/wp\/wp-json\/wp\/v2\/posts\/829"}],"collection":[{"href":"http:\/\/emur.org.uy\/wp\/wp-json\/wp\/v2\/posts"}],"about":[{"href":"http:\/\/emur.org.uy\/wp\/wp-json\/wp\/v2\/types\/post"}],"author":[{"embeddable":true,"href":"http:\/\/emur.org.uy\/wp\/wp-json\/wp\/v2\/users\/1"}],"replies":[{"embeddable":true,"href":"http:\/\/emur.org.uy\/wp\/wp-json\/wp\/v2\/comments?post=829"}],"version-history":[{"count":2,"href":"http:\/\/emur.org.uy\/wp\/wp-json\/wp\/v2\/posts\/829\/revisions"}],"predecessor-version":[{"id":831,"href":"http:\/\/emur.org.uy\/wp\/wp-json\/wp\/v2\/posts\/829\/revisions\/831"}],"wp:attachment":[{"href":"http:\/\/emur.org.uy\/wp\/wp-json\/wp\/v2\/media?parent=829"}],"wp:term":[{"taxonomy":"category","embeddable":true,"href":"http:\/\/emur.org.uy\/wp\/wp-json\/wp\/v2\/categories?post=829"},{"taxonomy":"post_tag","embeddable":true,"href":"http:\/\/emur.org.uy\/wp\/wp-json\/wp\/v2\/tags?post=829"}],"curies":[{"name":"wp","href":"https:\/\/api.w.org\/{rel}","templated":true}]}}