{"id":296,"date":"2013-11-13T18:29:48","date_gmt":"2013-11-13T18:29:48","guid":{"rendered":"http:\/\/emur.org.uy\/wp\/?p=296"},"modified":"2013-11-13T18:29:48","modified_gmt":"2013-11-13T18:29:48","slug":"296","status":"publish","type":"post","link":"http:\/\/emur.org.uy\/wp\/296\/","title":{"rendered":""},"content":{"rendered":"<div>\n<p align=\"center\"><b><span style=\"color: black; font-family: Arial; font-size: large;\">Invitaci\u00f3n<\/span><\/b><b><span style=\"color: black; font-family: Arial; font-size: large;\">\u00a0<\/span><\/b><\/p>\n<p align=\"center\"><b><span style=\"color: black; font-family: Arial; font-size: large;\">Exposici\u00f3n sobre \u00abUruguay y la Convenci\u00f3n sobre los Derechos de las Personas con Discapacidad\u00bb<\/span><\/b><\/p>\n<p align=\"center\"><b><span style=\"color: black; font-family: Arial; font-size: large;\">Se contar\u00e1 con la presencia de la Presidenta del Comit\u00e9 de la Convenci\u00f3n sobre los Derechos de las Personas con Discapacidad de las Naciones Unidas, Dra. Mar\u00eda Soledad Cisternas, quien disertar\u00e1 sobre el Informe Pa\u00eds presentado por Uruguay y sobre los Principios Rectores de la Convenci\u00f3n sobre la Convenci\u00f3n de los Derechos de las Personas con Discapacidad.<\/span><\/b><\/p>\n<p align=\"center\"><b><span style=\"color: black; font-family: Arial; font-size: large;\">Fecha: 19 de noviembre de 2013<\/span><\/b><\/p>\n<p align=\"center\"><b><span style=\"color: black; font-family: Arial; font-size: large;\">Lugar: Sala de Actos \u00abMinistro Reinaldo Gargano\u00bb, del Ministerio de Relaciones Exteriores<\/span><\/b><\/p>\n<p align=\"center\"><b><span style=\"color: black; font-family: Arial; font-size: large;\">Hora: 14:00<\/span><\/b><\/p>\n<p align=\"center\"><b><span style=\"color: black; font-family: Arial; font-size: large;\">Organizan:<\/span><\/b><\/p>\n<p align=\"center\"><b><span style=\"color: black; font-family: Arial; font-size: large;\">Ministerio de Relaciones Exteriores<\/span><\/b><\/p>\n<p align=\"center\"><b><span style=\"color: black; font-family: Arial; font-size: large;\">Montevideo Discapacidad<\/span><\/b><\/p>\n<p align=\"center\"><b><span style=\"color: black; font-family: Arial; font-size: large;\">Comisi\u00f3n Nacional Honoraria de la Discapacidad<\/span><\/b><\/p>\n<p align=\"center\"><b><span style=\"color: black; font-family: Arial; font-size: large;\">Uni\u00f3n Nacional de Ciegos del Uruguay<\/span><\/b><\/p>\n<p align=\"center\"><b><span style=\"color: black; font-family: Arial; font-size: large;\">Mides &#8211; Direcci\u00f3n Nacional de Desarrollo Social Divisi\u00f3n Socioeducativa<\/span><\/b><\/p>\n<p align=\"center\"><b><span style=\"color: black; font-family: Arial; font-size: large;\">Pronadis &#8211; Programa Nacional de Discapacidad<\/span><\/b><\/p>\n<\/div>\n<div>\n<p align=\"center\"><span style=\"color: black; font-family: Arial; font-size: medium;\">UNCU: Uni\u00f3n Nacional de Ciegos del Uruguay.<br \/>\nMercedes 1327, Montevideo-Uruguay.<br \/>\nTel\u00e9fono:\u00a0<a href=\"tel:%28598%29%202903%203022\" target=\"_blank\">(598) 2903 3022<\/a>.<br \/>\nCorreos Electr\u00f3nicos:\u00a0<a href=\"mailto:uncu@uncu.org.uy\" target=\"_blank\">uncu@uncu.org.uy<\/a>\u00a0y\u00a0<a href=\"mailto:uncu2012@gmail.com\" target=\"_blank\">uncu2012@gmail.com<\/a>.<br \/>\nFacebook: Uncu asociacioncivil.<br \/>\nTwitter: @uncu_2013.<br \/>\nP\u00e1gina Web:\u00a0<a href=\"http:\/\/www.uncu.org.uy\/\" target=\"_blank\">www.uncu.org.uy<\/a><\/span><\/p>\n<p><span style=\"color: black; font-family: Arial; font-size: medium;\">\u00a0<\/span><\/p>\n<\/div>\n<div><\/div>\n","protected":false},"excerpt":{"rendered":"<p>Invitaci\u00f3n\u00a0 Exposici\u00f3n sobre \u00abUruguay y la Convenci\u00f3n sobre los Derechos de las Personas con Discapacidad\u00bb<\/p>\n","protected":false},"author":1,"featured_media":0,"comment_status":"closed","ping_status":"closed","sticky":false,"template":"","format":"standard","meta":{"_mi_skip_tracking":false},"categories":[4],"tags":[],"_links":{"self":[{"href":"http:\/\/emur.org.uy\/wp\/wp-json\/wp\/v2\/posts\/296"}],"collection":[{"href":"http:\/\/emur.org.uy\/wp\/wp-json\/wp\/v2\/posts"}],"about":[{"href":"http:\/\/emur.org.uy\/wp\/wp-json\/wp\/v2\/types\/post"}],"author":[{"embeddable":true,"href":"http:\/\/emur.org.uy\/wp\/wp-json\/wp\/v2\/users\/1"}],"replies":[{"embeddable":true,"href":"http:\/\/emur.org.uy\/wp\/wp-json\/wp\/v2\/comments?post=296"}],"version-history":[{"count":1,"href":"http:\/\/emur.org.uy\/wp\/wp-json\/wp\/v2\/posts\/296\/revisions"}],"predecessor-version":[{"id":297,"href":"http:\/\/emur.org.uy\/wp\/wp-json\/wp\/v2\/posts\/296\/revisions\/297"}],"wp:attachment":[{"href":"http:\/\/emur.org.uy\/wp\/wp-json\/wp\/v2\/media?parent=296"}],"wp:term":[{"taxonomy":"category","embeddable":true,"href":"http:\/\/emur.org.uy\/wp\/wp-json\/wp\/v2\/categories?post=296"},{"taxonomy":"post_tag","embeddable":true,"href":"http:\/\/emur.org.uy\/wp\/wp-json\/wp\/v2\/tags?post=296"}],"curies":[{"name":"wp","href":"https:\/\/api.w.org\/{rel}","templated":true}]}}