{"id":100,"date":"2012-11-19T15:48:04","date_gmt":"2012-11-19T15:48:04","guid":{"rendered":"http:\/\/emur.org.uy\/wp\/?p=100"},"modified":"2012-11-19T15:48:04","modified_gmt":"2012-11-19T15:48:04","slug":"feria-montevideo-integra","status":"publish","type":"post","link":"http:\/\/emur.org.uy\/wp\/feria-montevideo-integra\/","title":{"rendered":"Feria Montevideo Integra"},"content":{"rendered":"<p>Informamos a Uds que la Feria Montevideo Integra se realizar\u00e1 en el Atrio Municipal desde el lunes 3 al viernes 7 de diciembre 2012. El Stand de EMUR ser\u00e1 el N\u00ba 28. El horario es de 10 a 16 hs.<br \/>\nSolicitamos que quienes tengan artesan\u00edas para donar que se puedan exponer y vender a beneficio de la asociaci\u00f3n, se comuniquen con nosotros al tel\u00e9fono 2903.3316.<br \/>\nAgradecemos que quienes puedan brindarnos su tiempo para estar presentes en el Stand de EMUR se comuniquen con Susana (celular: 099.517738) para organizar la planilla de turnos, as\u00ed todos participamos dando testimonio.<br \/>\nTambi\u00e9n comunicamos que el d\u00eda lunes 3 de diciembre la IMM invita a la Marcha por los Derechos de las personas con discapacidad, a la hora 19. Los mantendremos informados.\u00bb<br \/>\nGRACIAS!!!!<\/p>\n","protected":false},"excerpt":{"rendered":"<p>Informamos a Uds que la Feria Montevideo Integra se realizar\u00e1 en el Atrio Municipal desde<\/p>\n","protected":false},"author":1,"featured_media":0,"comment_status":"closed","ping_status":"closed","sticky":false,"template":"","format":"standard","meta":{"_mi_skip_tracking":false},"categories":[1],"tags":[],"_links":{"self":[{"href":"http:\/\/emur.org.uy\/wp\/wp-json\/wp\/v2\/posts\/100"}],"collection":[{"href":"http:\/\/emur.org.uy\/wp\/wp-json\/wp\/v2\/posts"}],"about":[{"href":"http:\/\/emur.org.uy\/wp\/wp-json\/wp\/v2\/types\/post"}],"author":[{"embeddable":true,"href":"http:\/\/emur.org.uy\/wp\/wp-json\/wp\/v2\/users\/1"}],"replies":[{"embeddable":true,"href":"http:\/\/emur.org.uy\/wp\/wp-json\/wp\/v2\/comments?post=100"}],"version-history":[{"count":1,"href":"http:\/\/emur.org.uy\/wp\/wp-json\/wp\/v2\/posts\/100\/revisions"}],"predecessor-version":[{"id":101,"href":"http:\/\/emur.org.uy\/wp\/wp-json\/wp\/v2\/posts\/100\/revisions\/101"}],"wp:attachment":[{"href":"http:\/\/emur.org.uy\/wp\/wp-json\/wp\/v2\/media?parent=100"}],"wp:term":[{"taxonomy":"category","embeddable":true,"href":"http:\/\/emur.org.uy\/wp\/wp-json\/wp\/v2\/categories?post=100"},{"taxonomy":"post_tag","embeddable":true,"href":"http:\/\/emur.org.uy\/wp\/wp-json\/wp\/v2\/tags?post=100"}],"curies":[{"name":"wp","href":"https:\/\/api.w.org\/{rel}","templated":true}]}}